{"id":7516,"date":"2022-07-16T06:00:58","date_gmt":"2022-07-16T06:00:58","guid":{"rendered":"https:\/\/birnbreier.de\/?p=7516"},"modified":"2023-04-08T14:34:55","modified_gmt":"2023-04-08T14:34:55","slug":"lavendel-felder-in-der-provence","status":"publish","type":"post","link":"https:\/\/birnbreier.de\/?p=7516","title":{"rendered":"Lavendel-Felder in der Provence"},"content":{"rendered":"\n<p><\/p>\n\n\n\n<div class=\"wp-block-group alignfull has-background\" style=\"background-color:#f8f4e4\"><div class=\"wp-block-group__inner-container is-layout-flow wp-block-group-is-layout-flow\">\n<div class=\"wp-block-columns alignwide is-layout-flex wp-container-core-columns-is-layout-9d6595d7 wp-block-columns-is-layout-flex\">\n<div class=\"wp-block-column is-layout-flow wp-block-column-is-layout-flow\">\n<div style=\"height:5px\" aria-hidden=\"true\" class=\"wp-block-spacer\"><\/div>\n<\/div>\n<\/div>\n\n\n\n<div class=\"wp-block-columns alignwide is-layout-flex wp-container-core-columns-is-layout-9d6595d7 wp-block-columns-is-layout-flex\">\n<div class=\"wp-block-column is-layout-flow wp-block-column-is-layout-flow\" style=\"flex-basis:33.38%\">\n<p>Im Juli habe ich einen weiteren Punkt auf meiner Bucket-Liste abhacken k\u00f6nnen. Die Lavendel-Felder in der Provence.<\/p>\n\n\n\n<p>Wir waren \u00fcber das erste Juli Wochenende unterwegs im Bereich Valensole und hab dort die bl\u00fchenden lila Felder des Lavendels bestaunt. Im Vergleich zu letztem Jahr, wo ein Bekannter von uns Mitte Juli unten war, haben wir uns entschieden Anfang Juli zu fahren. Letztes Jahr startete Mitte Juli die Ernte der Lavendelbl\u00fcten. <\/p>\n<\/div>\n\n\n\n<div class=\"wp-block-column is-layout-flow wp-block-column-is-layout-flow\" style=\"flex-basis:33%\">\n<div style=\"height:100px\" aria-hidden=\"true\" class=\"wp-block-spacer\"><\/div>\n\n\n\n<figure class=\"wp-block-image size-large\"><img fetchpriority=\"high\" decoding=\"async\" width=\"1024\" height=\"768\" src=\"https:\/\/birnbreier.de\/wp-content\/uploads\/2022\/12\/Provence0005-1024x768.jpg\" alt=\"\" class=\"wp-image-7885\" srcset=\"https:\/\/birnbreier.de\/wp-content\/uploads\/2022\/12\/Provence0005-1024x768.jpg 1024w, https:\/\/birnbreier.de\/wp-content\/uploads\/2022\/12\/Provence0005-300x225.jpg 300w, https:\/\/birnbreier.de\/wp-content\/uploads\/2022\/12\/Provence0005-768x576.jpg 768w, https:\/\/birnbreier.de\/wp-content\/uploads\/2022\/12\/Provence0005-1536x1152.jpg 1536w, https:\/\/birnbreier.de\/wp-content\/uploads\/2022\/12\/Provence0005-2048x1536.jpg 2048w\" sizes=\"(max-width: 1024px) 100vw, 1024px\" \/><\/figure>\n<\/div>\n\n\n\n<div class=\"wp-block-column is-layout-flow wp-block-column-is-layout-flow\" style=\"flex-basis:33.62%\">\n<figure class=\"wp-block-image size-large\"><img decoding=\"async\" width=\"1024\" height=\"768\" src=\"https:\/\/birnbreier.de\/wp-content\/uploads\/2022\/07\/Instagram-0013-1024x768.jpg\" alt=\"\" class=\"wp-image-7530\" srcset=\"https:\/\/birnbreier.de\/wp-content\/uploads\/2022\/07\/Instagram-0013-1024x768.jpg 1024w, https:\/\/birnbreier.de\/wp-content\/uploads\/2022\/07\/Instagram-0013-300x225.jpg 300w, https:\/\/birnbreier.de\/wp-content\/uploads\/2022\/07\/Instagram-0013-768x576.jpg 768w, https:\/\/birnbreier.de\/wp-content\/uploads\/2022\/07\/Instagram-0013.jpg 1080w\" sizes=\"(max-width: 1024px) 100vw, 1024px\" \/><\/figure>\n<\/div>\n<\/div>\n\n\n\n<div class=\"wp-block-columns alignwide is-layout-flex wp-container-core-columns-is-layout-9d6595d7 wp-block-columns-is-layout-flex\">\n<div class=\"wp-block-column is-layout-flow wp-block-column-is-layout-flow\" style=\"flex-basis:67%\"><div class=\"wp-block-image\">\n<figure class=\"alignright size-large\"><img decoding=\"async\" width=\"1024\" height=\"683\" src=\"https:\/\/birnbreier.de\/wp-content\/uploads\/2022\/07\/Instagram-0011-1024x683.jpg\" alt=\"\" class=\"wp-image-7528\" srcset=\"https:\/\/birnbreier.de\/wp-content\/uploads\/2022\/07\/Instagram-0011-1024x683.jpg 1024w, https:\/\/birnbreier.de\/wp-content\/uploads\/2022\/07\/Instagram-0011-300x200.jpg 300w, https:\/\/birnbreier.de\/wp-content\/uploads\/2022\/07\/Instagram-0011-768x512.jpg 768w, https:\/\/birnbreier.de\/wp-content\/uploads\/2022\/07\/Instagram-0011-600x400.jpg 600w, https:\/\/birnbreier.de\/wp-content\/uploads\/2022\/07\/Instagram-0011.jpg 1080w\" sizes=\"(max-width: 1024px) 100vw, 1024px\" \/><\/figure>\n<\/div><\/div>\n\n\n\n<div class=\"wp-block-column is-vertically-aligned-center is-layout-flow wp-block-column-is-layout-flow\" style=\"flex-basis:33%\">\n<p>Donnerstag Abend ging es gegen 23:30 Uhr los. Zu viert haben wir den Vito gepackt und uns im Regen auf die Fahrt durch die Nacht gemacht. Kurz nach Basel mussten sie dann die Autobahn \u201eruemen\u201c. Da standen wir aber schon eine Stunde in einer Vollsperrung auf der A 41 und wurden zur\u00fcckgef\u00fchrt.<\/p>\n\n\n\n<p>Danach verlief die Fahrt jedoch st\u00f6rungsfrei weiter. Bei Grenoble, als die Sonne hinter den Bergen hochkam h\u00f6rte auch der Regen auf. Bei Sonnenaufgang sind wir die D 1075 durch das Tal in Richtung Provence gefahren.<\/p>\n<\/div>\n<\/div>\n<\/div><\/div>\n\n\n\n<p>P\u00fcnktlich zum Fr\u00fchst\u00fcck haben wir dann die ersten Lavendelfelder bei Gr\u00e9oux-les-Bains entdeckt. Rechts angehalten und raus in die Lavendelpracht. Was f\u00fcr eine Ger\u00e4uschkulisse! Unendelich viele Bienen und Hummeln schwirrten in den Feldern umher und sammelten den Bl\u00fctenstaub f\u00fcr den Miel ein. Und dann war da noch der Duft der Lavendelbl\u00fcte.<\/p>\n\n\n\n<div class=\"wp-block-media-text alignwide has-media-on-the-right is-stacked-on-mobile is-vertically-aligned-center has-background\" style=\"background-color:#f1f5c7\"><div class=\"wp-block-media-text__content\">\n<p style=\"font-size:36px;line-height:1.2\">Wahnsinn, der Duft auf den Feldern<\/p>\n\n\n\n<div class=\"wp-block-group\" style=\"padding-top:2em;padding-right:2em;padding-bottom:2em;padding-left:2em\"><div class=\"wp-block-group__inner-container is-layout-flow wp-block-group-is-layout-flow\">\n<p class=\"has-extra-small-font-size\"><\/p>\n<\/div><\/div>\n<\/div><figure class=\"wp-block-media-text__media\"><img loading=\"lazy\" decoding=\"async\" width=\"1024\" height=\"683\" src=\"https:\/\/birnbreier.de\/wp-content\/uploads\/2022\/12\/Provence0002-1024x683.jpg\" alt=\"\" class=\"wp-image-7882 size-full\" srcset=\"https:\/\/birnbreier.de\/wp-content\/uploads\/2022\/12\/Provence0002-1024x683.jpg 1024w, https:\/\/birnbreier.de\/wp-content\/uploads\/2022\/12\/Provence0002-300x200.jpg 300w, https:\/\/birnbreier.de\/wp-content\/uploads\/2022\/12\/Provence0002-768x512.jpg 768w, https:\/\/birnbreier.de\/wp-content\/uploads\/2022\/12\/Provence0002-1536x1024.jpg 1536w, https:\/\/birnbreier.de\/wp-content\/uploads\/2022\/12\/Provence0002-2048x1366.jpg 2048w, https:\/\/birnbreier.de\/wp-content\/uploads\/2022\/12\/Provence0002-600x400.jpg 600w\" sizes=\"(max-width: 1024px) 100vw, 1024px\" \/><\/figure><\/div>\n\n\n\n<p>Nach einem kleinen Mittagsessen in Gr\u00e9oux-les-Bains konnten wir unser Mobilhome beziehen. Fertig von der Fahrt (und die Mittagszeit ist ja eh keine Fotozeit) haben wir uns erst mal an den Pool gelegt und eine M\u00fctze Schlaf genommen, bevor es zum Sonnenuntergang auf das Hochplateau nach Valensole ging. Unsere Recherche passte perfekt und dann standen wir an der Mutter der Lavendelfelder direkt an der N 6. Aber wir waren nicht alleine, es wimmelte nicht nur von Bienen, sondern musste man sich seine Lavendelbahn richtig erk\u00e4mpfen. Eine Vielzahl an Fotografen, Models und asiatische Touristen gelagerten das Feld mit der untergehenden Sonne. Aber ganz ehrlich, die Lichtstimmung war noch viel besser als die Sonne am Horizont verschwunden ist und da Valensole auf einem Hochplateau liegt \u201ebrennt\u201c der Himmel richtig bis die Sonne im Tal endg\u00fcltig untergegangen ist.<\/p>\n\n\n<div class=\"wp-block-image is-style-rounded\">\n<figure class=\"aligncenter size-large\"><img loading=\"lazy\" decoding=\"async\" width=\"1024\" height=\"683\" src=\"https:\/\/birnbreier.de\/wp-content\/uploads\/2022\/07\/Instagram-0002-1024x683.jpg\" alt=\"\" class=\"wp-image-7519\" srcset=\"https:\/\/birnbreier.de\/wp-content\/uploads\/2022\/07\/Instagram-0002-1024x683.jpg 1024w, https:\/\/birnbreier.de\/wp-content\/uploads\/2022\/07\/Instagram-0002-300x200.jpg 300w, https:\/\/birnbreier.de\/wp-content\/uploads\/2022\/07\/Instagram-0002-768x512.jpg 768w, https:\/\/birnbreier.de\/wp-content\/uploads\/2022\/07\/Instagram-0002-600x400.jpg 600w, https:\/\/birnbreier.de\/wp-content\/uploads\/2022\/07\/Instagram-0002.jpg 1080w\" sizes=\"(max-width: 1024px) 100vw, 1024px\" \/><\/figure>\n<\/div>\n\n\n<p>Am n\u00e4chsten Morgen ging es nach dem Fr\u00fchst\u00fcck gleich los, mit dem Ziel die Abtei Senanque in Gordes zu fotografieren. Auf der Hinfahrt haben wir aber noch ein sch\u00f6nes Feld mit einer einsamen verfallenen H\u00fctte und einem Baum gefunden. Das musste nat\u00fcrlich auch gleich abgelichtet werden. In Abt nach dem Tanken gab es als Snack noch ein richtig geiles frische duftendes Baguette. F\u00fcr mich war es das beste Baguette was ich je gegessen habe. Beim reinbei\u00dfen hat es geknackt und vom Geruch dachte ich, dass ich in Butter bei\u00dfe. So schnell hatte ich noch nie ein \u201etrockenes\u201c Baguette gegessen&nbsp;<\/p>\n\n\n\n<div class=\"wp-block-media-text alignfull has-media-on-the-right is-stacked-on-mobile is-vertically-aligned-center is-style-default\" style=\"grid-template-columns:auto 56%\"><div class=\"wp-block-media-text__content\">\n<h2 class=\"wp-block-heading has-text-color\" style=\"color:#000000\">H\u00fctte im Lavendelfeld<\/h2>\n\n\n\n<p class=\"has-text-color\" style=\"color:#636363;font-size:17px;line-height:1.1\">Provence<\/p>\n<\/div><figure class=\"wp-block-media-text__media\"><img loading=\"lazy\" decoding=\"async\" width=\"1024\" height=\"683\" src=\"https:\/\/birnbreier.de\/wp-content\/uploads\/2022\/07\/Instagram-0008-1024x683.jpg\" alt=\"\" class=\"wp-image-7525 size-full\" srcset=\"https:\/\/birnbreier.de\/wp-content\/uploads\/2022\/07\/Instagram-0008-1024x683.jpg 1024w, https:\/\/birnbreier.de\/wp-content\/uploads\/2022\/07\/Instagram-0008-300x200.jpg 300w, https:\/\/birnbreier.de\/wp-content\/uploads\/2022\/07\/Instagram-0008-768x512.jpg 768w, https:\/\/birnbreier.de\/wp-content\/uploads\/2022\/07\/Instagram-0008-600x400.jpg 600w, https:\/\/birnbreier.de\/wp-content\/uploads\/2022\/07\/Instagram-0008.jpg 1080w\" sizes=\"(max-width: 1024px) 100vw, 1024px\" \/><\/figure><\/div>\n\n\n\n<p>An der Abbaye Notre-Dame de S\u00e9nanque angekommen staunten wir nicht schlecht. Wir konnten die Felder gar nicht betreten, da sie komplett eingez\u00e4unt waren. Also musste das Tamron 75-180 2.8 ran und musste das Kloster n\u00e4her bringen. Nach einem kleinen Shopping-Stopp im Klostershop (ich wusste gar nicht, was man alles aus Lavendel herstellen kann \ud83d\ude09 ) ging es erstmal ins k\u00fchle Nass. Wir fuhren zu einer der drei Badebuchten des X-See. Rein in die Badehose und rauf aufs StandUp-Paddle und den See unsicher gemacht.<\/p>\n\n\n<div class=\"wp-block-image\">\n<figure class=\"aligncenter size-large\"><img loading=\"lazy\" decoding=\"async\" width=\"1024\" height=\"577\" src=\"https:\/\/birnbreier.de\/wp-content\/uploads\/2022\/07\/Instagram-0012-1024x577.jpg\" alt=\"\" class=\"wp-image-7529\" srcset=\"https:\/\/birnbreier.de\/wp-content\/uploads\/2022\/07\/Instagram-0012-1024x577.jpg 1024w, https:\/\/birnbreier.de\/wp-content\/uploads\/2022\/07\/Instagram-0012-300x169.jpg 300w, https:\/\/birnbreier.de\/wp-content\/uploads\/2022\/07\/Instagram-0012-768x433.jpg 768w, https:\/\/birnbreier.de\/wp-content\/uploads\/2022\/07\/Instagram-0012.jpg 1080w\" sizes=\"(max-width: 1024px) 100vw, 1024px\" \/><\/figure>\n<\/div>\n\n\n<p>Abends nach dem Essen haben wir noch einen kleine Stadtbummel in Valensole gemacht. Wahnsinn was das iPhone13 pro f\u00fcr Bilder in der Dunkelheit macht. Und das alles aus der Hand\u2026<\/p>\n\n\n\n<p>Leider ging es Sonntag Morgen nach dem Fr\u00fchst\u00fcck schon wieder nach Hause, aber nicht ohne ein Abschiedsfoto<\/p>\n\n\n\n<p>Alles in allem war es ein gelungener Kurztrip in die Lavendelfelder der Provence. Beim n\u00e4chsten Besuch planen wir auf jeden Fall mehr Zeit ein.<\/p>\n\n\n\n<figure class=\"wp-block-gallery has-nested-images columns-default is-cropped wp-block-gallery-1 is-layout-flex wp-block-gallery-is-layout-flex\">\n<figure class=\"wp-block-image size-large\"><img loading=\"lazy\" decoding=\"async\" width=\"1080\" height=\"810\" data-id=\"7530\" src=\"https:\/\/birnbreier.de\/wp-content\/uploads\/2022\/07\/Instagram-0013.jpg\" alt=\"\" class=\"wp-image-7530\" srcset=\"https:\/\/birnbreier.de\/wp-content\/uploads\/2022\/07\/Instagram-0013.jpg 1080w, https:\/\/birnbreier.de\/wp-content\/uploads\/2022\/07\/Instagram-0013-300x225.jpg 300w, https:\/\/birnbreier.de\/wp-content\/uploads\/2022\/07\/Instagram-0013-1024x768.jpg 1024w, https:\/\/birnbreier.de\/wp-content\/uploads\/2022\/07\/Instagram-0013-768x576.jpg 768w\" sizes=\"(max-width: 1080px) 100vw, 1080px\" \/><\/figure>\n\n\n\n<figure class=\"wp-block-image size-large\"><img loading=\"lazy\" decoding=\"async\" width=\"1080\" height=\"720\" data-id=\"7528\" src=\"https:\/\/birnbreier.de\/wp-content\/uploads\/2022\/07\/Instagram-0011.jpg\" alt=\"\" class=\"wp-image-7528\" srcset=\"https:\/\/birnbreier.de\/wp-content\/uploads\/2022\/07\/Instagram-0011.jpg 1080w, https:\/\/birnbreier.de\/wp-content\/uploads\/2022\/07\/Instagram-0011-300x200.jpg 300w, https:\/\/birnbreier.de\/wp-content\/uploads\/2022\/07\/Instagram-0011-1024x683.jpg 1024w, https:\/\/birnbreier.de\/wp-content\/uploads\/2022\/07\/Instagram-0011-768x512.jpg 768w, https:\/\/birnbreier.de\/wp-content\/uploads\/2022\/07\/Instagram-0011-600x400.jpg 600w\" sizes=\"(max-width: 1080px) 100vw, 1080px\" \/><\/figure>\n\n\n\n<figure class=\"wp-block-image size-large\"><img loading=\"lazy\" decoding=\"async\" width=\"1080\" height=\"810\" data-id=\"7527\" src=\"https:\/\/birnbreier.de\/wp-content\/uploads\/2022\/07\/Instagram-0010.jpg\" alt=\"\" class=\"wp-image-7527\" srcset=\"https:\/\/birnbreier.de\/wp-content\/uploads\/2022\/07\/Instagram-0010.jpg 1080w, https:\/\/birnbreier.de\/wp-content\/uploads\/2022\/07\/Instagram-0010-300x225.jpg 300w, https:\/\/birnbreier.de\/wp-content\/uploads\/2022\/07\/Instagram-0010-1024x768.jpg 1024w, https:\/\/birnbreier.de\/wp-content\/uploads\/2022\/07\/Instagram-0010-768x576.jpg 768w\" sizes=\"(max-width: 1080px) 100vw, 1080px\" \/><\/figure>\n\n\n\n<figure class=\"wp-block-image size-large\"><img loading=\"lazy\" decoding=\"async\" width=\"1080\" height=\"720\" data-id=\"7526\" src=\"https:\/\/birnbreier.de\/wp-content\/uploads\/2022\/07\/Instagram-0009.jpg\" alt=\"\" class=\"wp-image-7526\" srcset=\"https:\/\/birnbreier.de\/wp-content\/uploads\/2022\/07\/Instagram-0009.jpg 1080w, https:\/\/birnbreier.de\/wp-content\/uploads\/2022\/07\/Instagram-0009-300x200.jpg 300w, https:\/\/birnbreier.de\/wp-content\/uploads\/2022\/07\/Instagram-0009-1024x683.jpg 1024w, https:\/\/birnbreier.de\/wp-content\/uploads\/2022\/07\/Instagram-0009-768x512.jpg 768w, https:\/\/birnbreier.de\/wp-content\/uploads\/2022\/07\/Instagram-0009-600x400.jpg 600w\" sizes=\"(max-width: 1080px) 100vw, 1080px\" \/><\/figure>\n\n\n\n<figure class=\"wp-block-image size-large\"><img loading=\"lazy\" decoding=\"async\" width=\"1080\" height=\"720\" data-id=\"7525\" src=\"https:\/\/birnbreier.de\/wp-content\/uploads\/2022\/07\/Instagram-0008.jpg\" alt=\"\" class=\"wp-image-7525\" srcset=\"https:\/\/birnbreier.de\/wp-content\/uploads\/2022\/07\/Instagram-0008.jpg 1080w, https:\/\/birnbreier.de\/wp-content\/uploads\/2022\/07\/Instagram-0008-300x200.jpg 300w, https:\/\/birnbreier.de\/wp-content\/uploads\/2022\/07\/Instagram-0008-1024x683.jpg 1024w, https:\/\/birnbreier.de\/wp-content\/uploads\/2022\/07\/Instagram-0008-768x512.jpg 768w, https:\/\/birnbreier.de\/wp-content\/uploads\/2022\/07\/Instagram-0008-600x400.jpg 600w\" sizes=\"(max-width: 1080px) 100vw, 1080px\" \/><\/figure>\n\n\n\n<figure class=\"wp-block-image size-large\"><img loading=\"lazy\" decoding=\"async\" width=\"1080\" height=\"720\" data-id=\"7524\" src=\"https:\/\/birnbreier.de\/wp-content\/uploads\/2022\/07\/Instagram-0007.jpg\" alt=\"\" class=\"wp-image-7524\" srcset=\"https:\/\/birnbreier.de\/wp-content\/uploads\/2022\/07\/Instagram-0007.jpg 1080w, https:\/\/birnbreier.de\/wp-content\/uploads\/2022\/07\/Instagram-0007-300x200.jpg 300w, https:\/\/birnbreier.de\/wp-content\/uploads\/2022\/07\/Instagram-0007-1024x683.jpg 1024w, https:\/\/birnbreier.de\/wp-content\/uploads\/2022\/07\/Instagram-0007-768x512.jpg 768w, https:\/\/birnbreier.de\/wp-content\/uploads\/2022\/07\/Instagram-0007-600x400.jpg 600w\" sizes=\"(max-width: 1080px) 100vw, 1080px\" \/><\/figure>\n\n\n\n<figure class=\"wp-block-image size-large\"><img loading=\"lazy\" decoding=\"async\" width=\"1080\" height=\"720\" data-id=\"7522\" src=\"https:\/\/birnbreier.de\/wp-content\/uploads\/2022\/07\/Instagram-0005.jpg\" alt=\"\" class=\"wp-image-7522\" srcset=\"https:\/\/birnbreier.de\/wp-content\/uploads\/2022\/07\/Instagram-0005.jpg 1080w, https:\/\/birnbreier.de\/wp-content\/uploads\/2022\/07\/Instagram-0005-300x200.jpg 300w, https:\/\/birnbreier.de\/wp-content\/uploads\/2022\/07\/Instagram-0005-1024x683.jpg 1024w, https:\/\/birnbreier.de\/wp-content\/uploads\/2022\/07\/Instagram-0005-768x512.jpg 768w, https:\/\/birnbreier.de\/wp-content\/uploads\/2022\/07\/Instagram-0005-600x400.jpg 600w\" sizes=\"(max-width: 1080px) 100vw, 1080px\" \/><\/figure>\n\n\n\n<figure class=\"wp-block-image size-large\"><img loading=\"lazy\" decoding=\"async\" width=\"1080\" height=\"810\" data-id=\"7518\" src=\"https:\/\/birnbreier.de\/wp-content\/uploads\/2022\/07\/Instagram-0001.jpg\" alt=\"\" class=\"wp-image-7518\" srcset=\"https:\/\/birnbreier.de\/wp-content\/uploads\/2022\/07\/Instagram-0001.jpg 1080w, https:\/\/birnbreier.de\/wp-content\/uploads\/2022\/07\/Instagram-0001-300x225.jpg 300w, https:\/\/birnbreier.de\/wp-content\/uploads\/2022\/07\/Instagram-0001-1024x768.jpg 1024w, https:\/\/birnbreier.de\/wp-content\/uploads\/2022\/07\/Instagram-0001-768x576.jpg 768w\" sizes=\"(max-width: 1080px) 100vw, 1080px\" \/><\/figure>\n\n\n\n<figure class=\"wp-block-image size-large\"><img loading=\"lazy\" decoding=\"async\" width=\"1080\" height=\"720\" data-id=\"7519\" src=\"https:\/\/birnbreier.de\/wp-content\/uploads\/2022\/07\/Instagram-0002.jpg\" alt=\"\" class=\"wp-image-7519\" srcset=\"https:\/\/birnbreier.de\/wp-content\/uploads\/2022\/07\/Instagram-0002.jpg 1080w, https:\/\/birnbreier.de\/wp-content\/uploads\/2022\/07\/Instagram-0002-300x200.jpg 300w, https:\/\/birnbreier.de\/wp-content\/uploads\/2022\/07\/Instagram-0002-1024x683.jpg 1024w, https:\/\/birnbreier.de\/wp-content\/uploads\/2022\/07\/Instagram-0002-768x512.jpg 768w, https:\/\/birnbreier.de\/wp-content\/uploads\/2022\/07\/Instagram-0002-600x400.jpg 600w\" sizes=\"(max-width: 1080px) 100vw, 1080px\" \/><\/figure>\n<\/figure>\n\n\n\n<p><\/p>\n\n\n\n<p><\/p>\n\n\n\n<p><\/p>\n","protected":false},"excerpt":{"rendered":"<p>Im Juli habe ich einen weiteren Punkt auf meiner Bucket-Liste abhacken k\u00f6nnen. Die Lavendel-Felder in der Provence. Wir waren \u00fcber das erste Juli Wochenende unterwegs im Bereich Valensole und hab dort die bl\u00fchenden lila Felder des Lavendels bestaunt. Im Vergleich zu letztem Jahr, wo ein Bekannter von uns Mitte Juli unten war, haben wir uns &#8230;<\/p>\n","protected":false},"author":1,"featured_media":7522,"comment_status":"closed","ping_status":"open","sticky":false,"template":"","format":"standard","meta":{"footnotes":""},"categories":[81],"tags":[156,40,114,95,115,96],"class_list":["post-7516","post","type-post","status-publish","format-standard","has-post-thumbnail","hentry","category-a_blog","tag-bucketliste","tag-story","tag-kurztrip","tag-lavendel","tag-provence","tag-valensole"],"_links":{"self":[{"href":"https:\/\/birnbreier.de\/index.php?rest_route=\/wp\/v2\/posts\/7516","targetHints":{"allow":["GET"]}}],"collection":[{"href":"https:\/\/birnbreier.de\/index.php?rest_route=\/wp\/v2\/posts"}],"about":[{"href":"https:\/\/birnbreier.de\/index.php?rest_route=\/wp\/v2\/types\/post"}],"author":[{"embeddable":true,"href":"https:\/\/birnbreier.de\/index.php?rest_route=\/wp\/v2\/users\/1"}],"replies":[{"embeddable":true,"href":"https:\/\/birnbreier.de\/index.php?rest_route=%2Fwp%2Fv2%2Fcomments&post=7516"}],"version-history":[{"count":10,"href":"https:\/\/birnbreier.de\/index.php?rest_route=\/wp\/v2\/posts\/7516\/revisions"}],"predecessor-version":[{"id":8698,"href":"https:\/\/birnbreier.de\/index.php?rest_route=\/wp\/v2\/posts\/7516\/revisions\/8698"}],"wp:featuredmedia":[{"embeddable":true,"href":"https:\/\/birnbreier.de\/index.php?rest_route=\/wp\/v2\/media\/7522"}],"wp:attachment":[{"href":"https:\/\/birnbreier.de\/index.php?rest_route=%2Fwp%2Fv2%2Fmedia&parent=7516"}],"wp:term":[{"taxonomy":"category","embeddable":true,"href":"https:\/\/birnbreier.de\/index.php?rest_route=%2Fwp%2Fv2%2Fcategories&post=7516"},{"taxonomy":"post_tag","embeddable":true,"href":"https:\/\/birnbreier.de\/index.php?rest_route=%2Fwp%2Fv2%2Ftags&post=7516"}],"curies":[{"name":"wp","href":"https:\/\/api.w.org\/{rel}","templated":true}]}}